{"id":18803,"date":"2023-07-16T13:00:14","date_gmt":"2023-07-16T12:00:14","guid":{"rendered":"https:\/\/casamentosenoivados.com\/?p=18803"},"modified":"2023-09-18T14:24:28","modified_gmt":"2023-09-18T13:24:28","slug":"uma-verdadeira-princesa-ines-degener-tomaz-casou-com-bernardo-silva-e-vestido-foi-de-cortar-a-respiracao","status":"publish","type":"post","link":"https:\/\/casamentosenoivados.com\/en\/uma-verdadeira-princesa-ines-degener-tomaz-casou-com-bernardo-silva-e-vestido-foi-de-cortar-a-respiracao\/","title":{"rendered":"A TRULY PRINCESS! INES DEGENER TOMAZ MARRIED BERNARDO SILVA AND THE DRESS WAS BREATHTAKING"},"content":{"rendered":"","protected":false},"excerpt":{"rendered":"","protected":false},"author":3436,"featured_media":0,"comment_status":"closed","ping_status":"closed","sticky":false,"template":"","format":"standard","meta":{"footnotes":""},"categories":[3],"tags":[3907],"acf":[],"yoast_head":"<!-- This site is optimized with the Yoast SEO plugin v21.1 - https:\/\/yoast.com\/wordpress\/plugins\/seo\/ -->\n<title>UMA VERDADEIRA PRINCESA! IN\u00caS DEGENER TOMAZ CASOU COM BERNARDO SILVA E VESTIDO FOI DE CORTAR A RESPIRA\u00c7\u00c3O - Casamentos e Noivados<\/title>\n<meta name=\"description\" content=\"Bernardo silva deu o n\u00f3 com In\u00eas Degener Tomaz na Quinta do Douro, no dia 1 de julho de 2023, numa bonita cerim\u00f3nia\" \/>\n<meta name=\"robots\" content=\"index, follow, max-snippet:-1, max-image-preview:large, max-video-preview:-1\" \/>\n<link rel=\"canonical\" href=\"https:\/\/casamentosenoivados.com\/en\/uma-verdadeira-princesa-ines-degener-tomaz-casou-com-bernardo-silva-e-vestido-foi-de-cortar-a-respiracao\/\" \/>\n<meta property=\"og:locale\" content=\"en_GB\" \/>\n<meta property=\"og:type\" content=\"article\" \/>\n<meta property=\"og:title\" content=\"UMA VERDADEIRA PRINCESA! IN\u00caS DEGENER TOMAZ CASOU COM BERNARDO SILVA E VESTIDO FOI DE CORTAR A RESPIRA\u00c7\u00c3O\" \/>\n<meta property=\"og:description\" content=\"Conhe\u00e7a aqui todos os detalhes da indument\u00e1ria da famosa criadora de conte\u00fados\" \/>\n<meta property=\"og:url\" content=\"https:\/\/casamentosenoivados.com\/en\/uma-verdadeira-princesa-ines-degener-tomaz-casou-com-bernardo-silva-e-vestido-foi-de-cortar-a-respiracao\/\" \/>\n<meta property=\"og:site_name\" content=\"Casamentos e Noivados\" \/>\n<meta property=\"article:publisher\" content=\"https:\/\/www.facebook.com\/euroregiao\" \/>\n<meta property=\"article:published_time\" content=\"2023-07-16T12:00:14+00:00\" \/>\n<meta property=\"article:modified_time\" content=\"2023-09-18T13:24:28+00:00\" \/>\n<meta property=\"og:image\" content=\"https:\/\/casamentosenoivados.com\/wp-content\/uploads\/2023\/09\/Design-sem-nome-93.jpg\" \/>\n\t<meta property=\"og:image:width\" content=\"1224\" \/>\n\t<meta property=\"og:image:height\" content=\"689\" \/>\n\t<meta property=\"og:image:type\" content=\"image\/jpeg\" \/>\n<meta name=\"author\" content=\"redacao2\" \/>\n<meta name=\"twitter:card\" content=\"summary_large_image\" \/>\n<meta name=\"twitter:title\" content=\"UMA VERDADEIRA PRINCESA! IN\u00caS DEGENER TOMAZ CASOU COM BERNARDO SILVA E VESTIDO FOI DE CORTAR A RESPIRA\u00c7\u00c3O\" \/>\n<meta name=\"twitter:description\" content=\"Conhe\u00e7a aqui todos os detalhes da indument\u00e1ria da famosa criadora de conte\u00fados\" \/>\n<meta name=\"twitter:image\" content=\"https:\/\/casamentosenoivados.com\/wp-content\/uploads\/2023\/09\/Design-sem-nome-93.jpg\" \/>\n<meta name=\"twitter:creator\" content=\"@EuroRegiao\" \/>\n<meta name=\"twitter:site\" content=\"@EuroRegiao\" \/>\n<meta name=\"twitter:label1\" content=\"Written by\" \/>\n\t<meta name=\"twitter:data1\" content=\"redacao2\" \/>\n<script type=\"application\/ld+json\" class=\"yoast-schema-graph\">{\"@context\":\"https:\/\/schema.org\",\"@graph\":[{\"@type\":\"Article\",\"@id\":\"https:\/\/casamentosenoivados.com\/uma-verdadeira-princesa-ines-degener-tomaz-casou-com-bernardo-silva-e-vestido-foi-de-cortar-a-respiracao\/#article\",\"isPartOf\":{\"@id\":\"https:\/\/casamentosenoivados.com\/uma-verdadeira-princesa-ines-degener-tomaz-casou-com-bernardo-silva-e-vestido-foi-de-cortar-a-respiracao\/\"},\"author\":{\"name\":\"redacao2\",\"@id\":\"https:\/\/casamentosenoivados.com\/#\/schema\/person\/f142c1528162c6f42af4c293ae804294\"},\"headline\":\"UMA VERDADEIRA PRINCESA! IN\u00caS DEGENER TOMAZ CASOU COM BERNARDO SILVA E VESTIDO FOI DE CORTAR A RESPIRA\u00c7\u00c3O\",\"datePublished\":\"2023-07-16T12:00:14+00:00\",\"dateModified\":\"2023-09-18T13:24:28+00:00\",\"mainEntityOfPage\":{\"@id\":\"https:\/\/casamentosenoivados.com\/uma-verdadeira-princesa-ines-degener-tomaz-casou-com-bernardo-silva-e-vestido-foi-de-cortar-a-respiracao\/\"},\"wordCount\":19,\"publisher\":{\"@id\":\"https:\/\/casamentosenoivados.com\/#organization\"},\"keywords\":[\"bernardo silva\"],\"articleSection\":[\"Casamentos &amp; Noivados\"],\"inLanguage\":\"en-GB\"},{\"@type\":\"WebPage\",\"@id\":\"https:\/\/casamentosenoivados.com\/uma-verdadeira-princesa-ines-degener-tomaz-casou-com-bernardo-silva-e-vestido-foi-de-cortar-a-respiracao\/\",\"url\":\"https:\/\/casamentosenoivados.com\/uma-verdadeira-princesa-ines-degener-tomaz-casou-com-bernardo-silva-e-vestido-foi-de-cortar-a-respiracao\/\",\"name\":\"UMA VERDADEIRA PRINCESA! IN\u00caS DEGENER TOMAZ CASOU COM BERNARDO SILVA E VESTIDO FOI DE CORTAR A RESPIRA\u00c7\u00c3O - Casamentos e Noivados\",\"isPartOf\":{\"@id\":\"https:\/\/casamentosenoivados.com\/#website\"},\"datePublished\":\"2023-07-16T12:00:14+00:00\",\"dateModified\":\"2023-09-18T13:24:28+00:00\",\"description\":\"Bernardo silva deu o n\u00f3 com In\u00eas Degener Tomaz na Quinta do Douro, no dia 1 de julho de 2023, numa bonita cerim\u00f3nia\",\"breadcrumb\":{\"@id\":\"https:\/\/casamentosenoivados.com\/uma-verdadeira-princesa-ines-degener-tomaz-casou-com-bernardo-silva-e-vestido-foi-de-cortar-a-respiracao\/#breadcrumb\"},\"inLanguage\":\"en-GB\",\"potentialAction\":[{\"@type\":\"ReadAction\",\"target\":[\"https:\/\/casamentosenoivados.com\/uma-verdadeira-princesa-ines-degener-tomaz-casou-com-bernardo-silva-e-vestido-foi-de-cortar-a-respiracao\/\"]}]},{\"@type\":\"BreadcrumbList\",\"@id\":\"https:\/\/casamentosenoivados.com\/uma-verdadeira-princesa-ines-degener-tomaz-casou-com-bernardo-silva-e-vestido-foi-de-cortar-a-respiracao\/#breadcrumb\",\"itemListElement\":[{\"@type\":\"ListItem\",\"position\":1,\"name\":\"In\u00edcio\",\"item\":\"https:\/\/casamentosenoivados.com\/\"},{\"@type\":\"ListItem\",\"position\":2,\"name\":\"UMA VERDADEIRA PRINCESA! IN\u00caS DEGENER TOMAZ CASOU COM BERNARDO SILVA E VESTIDO FOI DE CORTAR A RESPIRA\u00c7\u00c3O\"}]},{\"@type\":\"WebSite\",\"@id\":\"https:\/\/casamentosenoivados.com\/#website\",\"url\":\"https:\/\/casamentosenoivados.com\/\",\"name\":\"Euroregi\u00e3o\",\"description\":\"\",\"publisher\":{\"@id\":\"https:\/\/casamentosenoivados.com\/#organization\"},\"potentialAction\":[{\"@type\":\"SearchAction\",\"target\":{\"@type\":\"EntryPoint\",\"urlTemplate\":\"https:\/\/casamentosenoivados.com\/?s={search_term_string}\"},\"query-input\":\"required name=search_term_string\"}],\"inLanguage\":\"en-GB\"},{\"@type\":\"Organization\",\"@id\":\"https:\/\/casamentosenoivados.com\/#organization\",\"name\":\"EuroRegi\u00e3o\",\"url\":\"https:\/\/casamentosenoivados.com\/\",\"logo\":{\"@type\":\"ImageObject\",\"inLanguage\":\"en-GB\",\"@id\":\"https:\/\/casamentosenoivados.com\/#\/schema\/logo\/image\/\",\"url\":\"https:\/\/casamentosenoivados.com\/wp-content\/uploads\/2021\/09\/EUROREGIAO_FAVICON-96X96-BG.png\",\"contentUrl\":\"https:\/\/casamentosenoivados.com\/wp-content\/uploads\/2021\/09\/EUROREGIAO_FAVICON-96X96-BG.png\",\"width\":96,\"height\":96,\"caption\":\"EuroRegi\u00e3o\"},\"image\":{\"@id\":\"https:\/\/casamentosenoivados.com\/#\/schema\/logo\/image\/\"},\"sameAs\":[\"https:\/\/www.facebook.com\/euroregiao\",\"https:\/\/twitter.com\/EuroRegiao\"]},{\"@type\":\"Person\",\"@id\":\"https:\/\/casamentosenoivados.com\/#\/schema\/person\/f142c1528162c6f42af4c293ae804294\",\"name\":\"redacao2\",\"image\":{\"@type\":\"ImageObject\",\"inLanguage\":\"en-GB\",\"@id\":\"https:\/\/casamentosenoivados.com\/#\/schema\/person\/image\/\",\"url\":\"https:\/\/secure.gravatar.com\/avatar\/dbc407c476929aca708abdc619fa4a2c?s=96&d=wavatar&r=g\",\"contentUrl\":\"https:\/\/secure.gravatar.com\/avatar\/dbc407c476929aca708abdc619fa4a2c?s=96&d=wavatar&r=g\",\"caption\":\"redacao2\"},\"url\":\"https:\/\/casamentosenoivados.com\/en\/author\/redacao2\/\"}]}<\/script>\n<!-- \/ Yoast SEO plugin. -->","yoast_head_json":{"title":"UMA VERDADEIRA PRINCESA! IN\u00caS DEGENER TOMAZ CASOU COM BERNARDO SILVA E VESTIDO FOI DE CORTAR A RESPIRA\u00c7\u00c3O - Casamentos e Noivados","description":"Bernardo silva deu o n\u00f3 com In\u00eas Degener Tomaz na Quinta do Douro, no dia 1 de julho de 2023, numa bonita cerim\u00f3nia","robots":{"index":"index","follow":"follow","max-snippet":"max-snippet:-1","max-image-preview":"max-image-preview:large","max-video-preview":"max-video-preview:-1"},"canonical":"https:\/\/casamentosenoivados.com\/en\/uma-verdadeira-princesa-ines-degener-tomaz-casou-com-bernardo-silva-e-vestido-foi-de-cortar-a-respiracao\/","og_locale":"en_GB","og_type":"article","og_title":"UMA VERDADEIRA PRINCESA! IN\u00caS DEGENER TOMAZ CASOU COM BERNARDO SILVA E VESTIDO FOI DE CORTAR A RESPIRA\u00c7\u00c3O","og_description":"Conhe\u00e7a aqui todos os detalhes da indument\u00e1ria da famosa criadora de conte\u00fados","og_url":"https:\/\/casamentosenoivados.com\/en\/uma-verdadeira-princesa-ines-degener-tomaz-casou-com-bernardo-silva-e-vestido-foi-de-cortar-a-respiracao\/","og_site_name":"Casamentos e Noivados","article_publisher":"https:\/\/www.facebook.com\/euroregiao","article_published_time":"2023-07-16T12:00:14+00:00","article_modified_time":"2023-09-18T13:24:28+00:00","og_image":[{"width":1224,"height":689,"url":"https:\/\/casamentosenoivados.com\/wp-content\/uploads\/2023\/09\/Design-sem-nome-93.jpg","type":"image\/jpeg"}],"author":"redacao2","twitter_card":"summary_large_image","twitter_title":"UMA VERDADEIRA PRINCESA! IN\u00caS DEGENER TOMAZ CASOU COM BERNARDO SILVA E VESTIDO FOI DE CORTAR A RESPIRA\u00c7\u00c3O","twitter_description":"Conhe\u00e7a aqui todos os detalhes da indument\u00e1ria da famosa criadora de conte\u00fados","twitter_image":"https:\/\/casamentosenoivados.com\/wp-content\/uploads\/2023\/09\/Design-sem-nome-93.jpg","twitter_creator":"@EuroRegiao","twitter_site":"@EuroRegiao","twitter_misc":{"Written by":"redacao2"},"schema":{"@context":"https:\/\/schema.org","@graph":[{"@type":"Article","@id":"https:\/\/casamentosenoivados.com\/uma-verdadeira-princesa-ines-degener-tomaz-casou-com-bernardo-silva-e-vestido-foi-de-cortar-a-respiracao\/#article","isPartOf":{"@id":"https:\/\/casamentosenoivados.com\/uma-verdadeira-princesa-ines-degener-tomaz-casou-com-bernardo-silva-e-vestido-foi-de-cortar-a-respiracao\/"},"author":{"name":"redacao2","@id":"https:\/\/casamentosenoivados.com\/#\/schema\/person\/f142c1528162c6f42af4c293ae804294"},"headline":"UMA VERDADEIRA PRINCESA! IN\u00caS DEGENER TOMAZ CASOU COM BERNARDO SILVA E VESTIDO FOI DE CORTAR A RESPIRA\u00c7\u00c3O","datePublished":"2023-07-16T12:00:14+00:00","dateModified":"2023-09-18T13:24:28+00:00","mainEntityOfPage":{"@id":"https:\/\/casamentosenoivados.com\/uma-verdadeira-princesa-ines-degener-tomaz-casou-com-bernardo-silva-e-vestido-foi-de-cortar-a-respiracao\/"},"wordCount":19,"publisher":{"@id":"https:\/\/casamentosenoivados.com\/#organization"},"keywords":["bernardo silva"],"articleSection":["Casamentos &amp; Noivados"],"inLanguage":"en-GB"},{"@type":"WebPage","@id":"https:\/\/casamentosenoivados.com\/uma-verdadeira-princesa-ines-degener-tomaz-casou-com-bernardo-silva-e-vestido-foi-de-cortar-a-respiracao\/","url":"https:\/\/casamentosenoivados.com\/uma-verdadeira-princesa-ines-degener-tomaz-casou-com-bernardo-silva-e-vestido-foi-de-cortar-a-respiracao\/","name":"UMA VERDADEIRA PRINCESA! IN\u00caS DEGENER TOMAZ CASOU COM BERNARDO SILVA E VESTIDO FOI DE CORTAR A RESPIRA\u00c7\u00c3O - Casamentos e Noivados","isPartOf":{"@id":"https:\/\/casamentosenoivados.com\/#website"},"datePublished":"2023-07-16T12:00:14+00:00","dateModified":"2023-09-18T13:24:28+00:00","description":"Bernardo silva deu o n\u00f3 com In\u00eas Degener Tomaz na Quinta do Douro, no dia 1 de julho de 2023, numa bonita cerim\u00f3nia","breadcrumb":{"@id":"https:\/\/casamentosenoivados.com\/uma-verdadeira-princesa-ines-degener-tomaz-casou-com-bernardo-silva-e-vestido-foi-de-cortar-a-respiracao\/#breadcrumb"},"inLanguage":"en-GB","potentialAction":[{"@type":"ReadAction","target":["https:\/\/casamentosenoivados.com\/uma-verdadeira-princesa-ines-degener-tomaz-casou-com-bernardo-silva-e-vestido-foi-de-cortar-a-respiracao\/"]}]},{"@type":"BreadcrumbList","@id":"https:\/\/casamentosenoivados.com\/uma-verdadeira-princesa-ines-degener-tomaz-casou-com-bernardo-silva-e-vestido-foi-de-cortar-a-respiracao\/#breadcrumb","itemListElement":[{"@type":"ListItem","position":1,"name":"In\u00edcio","item":"https:\/\/casamentosenoivados.com\/"},{"@type":"ListItem","position":2,"name":"UMA VERDADEIRA PRINCESA! IN\u00caS DEGENER TOMAZ CASOU COM BERNARDO SILVA E VESTIDO FOI DE CORTAR A RESPIRA\u00c7\u00c3O"}]},{"@type":"WebSite","@id":"https:\/\/casamentosenoivados.com\/#website","url":"https:\/\/casamentosenoivados.com\/","name":"Euroregi\u00e3o","description":"","publisher":{"@id":"https:\/\/casamentosenoivados.com\/#organization"},"potentialAction":[{"@type":"SearchAction","target":{"@type":"EntryPoint","urlTemplate":"https:\/\/casamentosenoivados.com\/?s={search_term_string}"},"query-input":"required name=search_term_string"}],"inLanguage":"en-GB"},{"@type":"Organization","@id":"https:\/\/casamentosenoivados.com\/#organization","name":"EuroRegi\u00e3o","url":"https:\/\/casamentosenoivados.com\/","logo":{"@type":"ImageObject","inLanguage":"en-GB","@id":"https:\/\/casamentosenoivados.com\/#\/schema\/logo\/image\/","url":"https:\/\/casamentosenoivados.com\/wp-content\/uploads\/2021\/09\/EUROREGIAO_FAVICON-96X96-BG.png","contentUrl":"https:\/\/casamentosenoivados.com\/wp-content\/uploads\/2021\/09\/EUROREGIAO_FAVICON-96X96-BG.png","width":96,"height":96,"caption":"EuroRegi\u00e3o"},"image":{"@id":"https:\/\/casamentosenoivados.com\/#\/schema\/logo\/image\/"},"sameAs":["https:\/\/www.facebook.com\/euroregiao","https:\/\/twitter.com\/EuroRegiao"]},{"@type":"Person","@id":"https:\/\/casamentosenoivados.com\/#\/schema\/person\/f142c1528162c6f42af4c293ae804294","name":"redacao2","image":{"@type":"ImageObject","inLanguage":"en-GB","@id":"https:\/\/casamentosenoivados.com\/#\/schema\/person\/image\/","url":"https:\/\/secure.gravatar.com\/avatar\/dbc407c476929aca708abdc619fa4a2c?s=96&d=wavatar&r=g","contentUrl":"https:\/\/secure.gravatar.com\/avatar\/dbc407c476929aca708abdc619fa4a2c?s=96&d=wavatar&r=g","caption":"redacao2"},"url":"https:\/\/casamentosenoivados.com\/en\/author\/redacao2\/"}]}},"_links":{"self":[{"href":"https:\/\/casamentosenoivados.com\/en\/wp-json\/wp\/v2\/posts\/18803"}],"collection":[{"href":"https:\/\/casamentosenoivados.com\/en\/wp-json\/wp\/v2\/posts"}],"about":[{"href":"https:\/\/casamentosenoivados.com\/en\/wp-json\/wp\/v2\/types\/post"}],"author":[{"embeddable":true,"href":"https:\/\/casamentosenoivados.com\/en\/wp-json\/wp\/v2\/users\/3436"}],"replies":[{"embeddable":true,"href":"https:\/\/casamentosenoivados.com\/en\/wp-json\/wp\/v2\/comments?post=18803"}],"version-history":[{"count":2,"href":"https:\/\/casamentosenoivados.com\/en\/wp-json\/wp\/v2\/posts\/18803\/revisions"}],"predecessor-version":[{"id":18817,"href":"https:\/\/casamentosenoivados.com\/en\/wp-json\/wp\/v2\/posts\/18803\/revisions\/18817"}],"wp:attachment":[{"href":"https:\/\/casamentosenoivados.com\/en\/wp-json\/wp\/v2\/media?parent=18803"}],"wp:term":[{"taxonomy":"category","embeddable":true,"href":"https:\/\/casamentosenoivados.com\/en\/wp-json\/wp\/v2\/categories?post=18803"},{"taxonomy":"post_tag","embeddable":true,"href":"https:\/\/casamentosenoivados.com\/en\/wp-json\/wp\/v2\/tags?post=18803"}],"curies":[{"name":"wp","href":"https:\/\/api.w.org\/{rel}","templated":true}]}}