{"id":18830,"date":"2023-08-03T14:40:28","date_gmt":"2023-08-03T13:40:28","guid":{"rendered":"https:\/\/casamentosenoivados.com\/?p=18830"},"modified":"2023-09-18T14:33:51","modified_gmt":"2023-09-18T13:33:51","slug":"cinco-despedidas-de-solteira-o-inesqueciveis-ideias-para-uma-celebracao-epica","status":"publish","type":"post","link":"https:\/\/casamentosenoivados.com\/en\/cinco-despedidas-de-solteira-o-inesqueciveis-ideias-para-uma-celebracao-epica\/","title":{"rendered":"CINCO DESPEDIDAS DE SOLTEIRA\/O INESQUEC\u00cdVEIS: IDEIAS PARA UMA CELEBRA\u00c7\u00c3O \u00c9PICA"},"content":{"rendered":"","protected":false},"excerpt":{"rendered":"","protected":false},"author":3435,"featured_media":0,"comment_status":"closed","ping_status":"closed","sticky":false,"template":"","format":"standard","meta":{"footnotes":""},"categories":[3],"tags":[1615,3904,3905],"acf":[],"yoast_head":"<!-- This site is optimized with the Yoast SEO plugin v21.1 - https:\/\/yoast.com\/wordpress\/plugins\/seo\/ -->\n<title>CINCO DESPEDIDAS DE SOLTEIRA\/O INESQUEC\u00cdVEIS: IDEIAS PARA UMA CELEBRA\u00c7\u00c3O \u00c9PICA<\/title>\n<meta name=\"description\" content=\"Confira algumas inspira\u00e7\u00f5es para festejar antes do casamento de forma memor\u00e1vel e que a despedida da vida de solteiro seja em grande\" \/>\n<meta name=\"robots\" content=\"index, follow, max-snippet:-1, max-image-preview:large, max-video-preview:-1\" \/>\n<link rel=\"canonical\" href=\"https:\/\/casamentosenoivados.com\/en\/cinco-despedidas-de-solteira-o-inesqueciveis-ideias-para-uma-celebracao-epica\/\" \/>\n<meta property=\"og:locale\" content=\"en_GB\" \/>\n<meta property=\"og:type\" content=\"article\" \/>\n<meta property=\"og:title\" content=\"CINCO DESPEDIDAS DE SOLTEIRA\/O INESQUEC\u00cdVEIS: IDEIAS PARA UMA CELEBRA\u00c7\u00c3O \u00c9PICA\" \/>\n<meta property=\"og:description\" content=\"Confira algumas inspira\u00e7\u00f5es para festejar antes do casamento de forma memor\u00e1vel\" \/>\n<meta property=\"og:url\" content=\"https:\/\/casamentosenoivados.com\/en\/cinco-despedidas-de-solteira-o-inesqueciveis-ideias-para-uma-celebracao-epica\/\" \/>\n<meta property=\"og:site_name\" content=\"Casamentos e Noivados\" \/>\n<meta property=\"article:publisher\" content=\"https:\/\/www.facebook.com\/euroregiao\" \/>\n<meta property=\"article:published_time\" content=\"2023-08-03T13:40:28+00:00\" \/>\n<meta property=\"article:modified_time\" content=\"2023-09-18T13:33:51+00:00\" \/>\n<meta property=\"og:image\" content=\"https:\/\/casamentosenoivados.com\/wp-content\/uploads\/2023\/09\/Casamentos.jpg\" \/>\n\t<meta property=\"og:image:width\" content=\"1224\" \/>\n\t<meta property=\"og:image:height\" content=\"689\" \/>\n\t<meta property=\"og:image:type\" content=\"image\/jpeg\" \/>\n<meta name=\"author\" content=\"redacao\" \/>\n<meta name=\"twitter:card\" content=\"summary_large_image\" \/>\n<meta name=\"twitter:title\" content=\"CINCO DESPEDIDAS DE SOLTEIRA\/O INESQUEC\u00cdVEIS: IDEIAS PARA UMA CELEBRA\u00c7\u00c3O \u00c9PICA\" \/>\n<meta name=\"twitter:description\" content=\"Confira algumas inspira\u00e7\u00f5es para festejar antes do casamento de forma memor\u00e1vel\" \/>\n<meta name=\"twitter:image\" content=\"https:\/\/casamentosenoivados.com\/wp-content\/uploads\/2023\/09\/Casamentos.jpg\" \/>\n<meta name=\"twitter:creator\" content=\"@EuroRegiao\" \/>\n<meta name=\"twitter:site\" content=\"@EuroRegiao\" \/>\n<meta name=\"twitter:label1\" content=\"Written by\" \/>\n\t<meta name=\"twitter:data1\" content=\"redacao\" \/>\n<script type=\"application\/ld+json\" class=\"yoast-schema-graph\">{\"@context\":\"https:\/\/schema.org\",\"@graph\":[{\"@type\":\"Article\",\"@id\":\"https:\/\/casamentosenoivados.com\/cinco-despedidas-de-solteira-o-inesqueciveis-ideias-para-uma-celebracao-epica\/#article\",\"isPartOf\":{\"@id\":\"https:\/\/casamentosenoivados.com\/cinco-despedidas-de-solteira-o-inesqueciveis-ideias-para-uma-celebracao-epica\/\"},\"author\":{\"name\":\"redacao\",\"@id\":\"https:\/\/casamentosenoivados.com\/#\/schema\/person\/f02e00d5f4297bd41347cc6bdcadff01\"},\"headline\":\"CINCO DESPEDIDAS DE SOLTEIRA\/O INESQUEC\u00cdVEIS: IDEIAS PARA UMA CELEBRA\u00c7\u00c3O \u00c9PICA\",\"datePublished\":\"2023-08-03T13:40:28+00:00\",\"dateModified\":\"2023-09-18T13:33:51+00:00\",\"mainEntityOfPage\":{\"@id\":\"https:\/\/casamentosenoivados.com\/cinco-despedidas-de-solteira-o-inesqueciveis-ideias-para-uma-celebracao-epica\/\"},\"wordCount\":13,\"publisher\":{\"@id\":\"https:\/\/casamentosenoivados.com\/#organization\"},\"keywords\":[\"Casamento\",\"Despedida\",\"Solteiro\"],\"articleSection\":[\"Casamentos &amp; Noivados\"],\"inLanguage\":\"en-GB\"},{\"@type\":\"WebPage\",\"@id\":\"https:\/\/casamentosenoivados.com\/cinco-despedidas-de-solteira-o-inesqueciveis-ideias-para-uma-celebracao-epica\/\",\"url\":\"https:\/\/casamentosenoivados.com\/cinco-despedidas-de-solteira-o-inesqueciveis-ideias-para-uma-celebracao-epica\/\",\"name\":\"CINCO DESPEDIDAS DE SOLTEIRA\/O INESQUEC\u00cdVEIS: IDEIAS PARA UMA CELEBRA\u00c7\u00c3O \u00c9PICA\",\"isPartOf\":{\"@id\":\"https:\/\/casamentosenoivados.com\/#website\"},\"datePublished\":\"2023-08-03T13:40:28+00:00\",\"dateModified\":\"2023-09-18T13:33:51+00:00\",\"description\":\"Confira algumas inspira\u00e7\u00f5es para festejar antes do casamento de forma memor\u00e1vel e que a despedida da vida de solteiro seja em grande\",\"breadcrumb\":{\"@id\":\"https:\/\/casamentosenoivados.com\/cinco-despedidas-de-solteira-o-inesqueciveis-ideias-para-uma-celebracao-epica\/#breadcrumb\"},\"inLanguage\":\"en-GB\",\"potentialAction\":[{\"@type\":\"ReadAction\",\"target\":[\"https:\/\/casamentosenoivados.com\/cinco-despedidas-de-solteira-o-inesqueciveis-ideias-para-uma-celebracao-epica\/\"]}]},{\"@type\":\"BreadcrumbList\",\"@id\":\"https:\/\/casamentosenoivados.com\/cinco-despedidas-de-solteira-o-inesqueciveis-ideias-para-uma-celebracao-epica\/#breadcrumb\",\"itemListElement\":[{\"@type\":\"ListItem\",\"position\":1,\"name\":\"In\u00edcio\",\"item\":\"https:\/\/casamentosenoivados.com\/\"},{\"@type\":\"ListItem\",\"position\":2,\"name\":\"CINCO DESPEDIDAS DE SOLTEIRA\/O INESQUEC\u00cdVEIS: IDEIAS PARA UMA CELEBRA\u00c7\u00c3O \u00c9PICA\"}]},{\"@type\":\"WebSite\",\"@id\":\"https:\/\/casamentosenoivados.com\/#website\",\"url\":\"https:\/\/casamentosenoivados.com\/\",\"name\":\"Euroregi\u00e3o\",\"description\":\"\",\"publisher\":{\"@id\":\"https:\/\/casamentosenoivados.com\/#organization\"},\"potentialAction\":[{\"@type\":\"SearchAction\",\"target\":{\"@type\":\"EntryPoint\",\"urlTemplate\":\"https:\/\/casamentosenoivados.com\/?s={search_term_string}\"},\"query-input\":\"required name=search_term_string\"}],\"inLanguage\":\"en-GB\"},{\"@type\":\"Organization\",\"@id\":\"https:\/\/casamentosenoivados.com\/#organization\",\"name\":\"EuroRegi\u00e3o\",\"url\":\"https:\/\/casamentosenoivados.com\/\",\"logo\":{\"@type\":\"ImageObject\",\"inLanguage\":\"en-GB\",\"@id\":\"https:\/\/casamentosenoivados.com\/#\/schema\/logo\/image\/\",\"url\":\"https:\/\/casamentosenoivados.com\/wp-content\/uploads\/2021\/09\/EUROREGIAO_FAVICON-96X96-BG.png\",\"contentUrl\":\"https:\/\/casamentosenoivados.com\/wp-content\/uploads\/2021\/09\/EUROREGIAO_FAVICON-96X96-BG.png\",\"width\":96,\"height\":96,\"caption\":\"EuroRegi\u00e3o\"},\"image\":{\"@id\":\"https:\/\/casamentosenoivados.com\/#\/schema\/logo\/image\/\"},\"sameAs\":[\"https:\/\/www.facebook.com\/euroregiao\",\"https:\/\/twitter.com\/EuroRegiao\"]},{\"@type\":\"Person\",\"@id\":\"https:\/\/casamentosenoivados.com\/#\/schema\/person\/f02e00d5f4297bd41347cc6bdcadff01\",\"name\":\"redacao\",\"image\":{\"@type\":\"ImageObject\",\"inLanguage\":\"en-GB\",\"@id\":\"https:\/\/casamentosenoivados.com\/#\/schema\/person\/image\/\",\"url\":\"https:\/\/secure.gravatar.com\/avatar\/227a6f428716cac9fa89e480733d1b01?s=96&d=wavatar&r=g\",\"contentUrl\":\"https:\/\/secure.gravatar.com\/avatar\/227a6f428716cac9fa89e480733d1b01?s=96&d=wavatar&r=g\",\"caption\":\"redacao\"},\"url\":\"https:\/\/casamentosenoivados.com\/en\/author\/redacao\/\"}]}<\/script>\n<!-- \/ Yoast SEO plugin. -->","yoast_head_json":{"title":"CINCO DESPEDIDAS DE SOLTEIRA\/O INESQUEC\u00cdVEIS: IDEIAS PARA UMA CELEBRA\u00c7\u00c3O \u00c9PICA","description":"Confira algumas inspira\u00e7\u00f5es para festejar antes do casamento de forma memor\u00e1vel e que a despedida da vida de solteiro seja em grande","robots":{"index":"index","follow":"follow","max-snippet":"max-snippet:-1","max-image-preview":"max-image-preview:large","max-video-preview":"max-video-preview:-1"},"canonical":"https:\/\/casamentosenoivados.com\/en\/cinco-despedidas-de-solteira-o-inesqueciveis-ideias-para-uma-celebracao-epica\/","og_locale":"en_GB","og_type":"article","og_title":"CINCO DESPEDIDAS DE SOLTEIRA\/O INESQUEC\u00cdVEIS: IDEIAS PARA UMA CELEBRA\u00c7\u00c3O \u00c9PICA","og_description":"Confira algumas inspira\u00e7\u00f5es para festejar antes do casamento de forma memor\u00e1vel","og_url":"https:\/\/casamentosenoivados.com\/en\/cinco-despedidas-de-solteira-o-inesqueciveis-ideias-para-uma-celebracao-epica\/","og_site_name":"Casamentos e Noivados","article_publisher":"https:\/\/www.facebook.com\/euroregiao","article_published_time":"2023-08-03T13:40:28+00:00","article_modified_time":"2023-09-18T13:33:51+00:00","og_image":[{"width":1224,"height":689,"url":"https:\/\/casamentosenoivados.com\/wp-content\/uploads\/2023\/09\/Casamentos.jpg","type":"image\/jpeg"}],"author":"redacao","twitter_card":"summary_large_image","twitter_title":"CINCO DESPEDIDAS DE SOLTEIRA\/O INESQUEC\u00cdVEIS: IDEIAS PARA UMA CELEBRA\u00c7\u00c3O \u00c9PICA","twitter_description":"Confira algumas inspira\u00e7\u00f5es para festejar antes do casamento de forma memor\u00e1vel","twitter_image":"https:\/\/casamentosenoivados.com\/wp-content\/uploads\/2023\/09\/Casamentos.jpg","twitter_creator":"@EuroRegiao","twitter_site":"@EuroRegiao","twitter_misc":{"Written by":"redacao"},"schema":{"@context":"https:\/\/schema.org","@graph":[{"@type":"Article","@id":"https:\/\/casamentosenoivados.com\/cinco-despedidas-de-solteira-o-inesqueciveis-ideias-para-uma-celebracao-epica\/#article","isPartOf":{"@id":"https:\/\/casamentosenoivados.com\/cinco-despedidas-de-solteira-o-inesqueciveis-ideias-para-uma-celebracao-epica\/"},"author":{"name":"redacao","@id":"https:\/\/casamentosenoivados.com\/#\/schema\/person\/f02e00d5f4297bd41347cc6bdcadff01"},"headline":"CINCO DESPEDIDAS DE SOLTEIRA\/O INESQUEC\u00cdVEIS: IDEIAS PARA UMA CELEBRA\u00c7\u00c3O \u00c9PICA","datePublished":"2023-08-03T13:40:28+00:00","dateModified":"2023-09-18T13:33:51+00:00","mainEntityOfPage":{"@id":"https:\/\/casamentosenoivados.com\/cinco-despedidas-de-solteira-o-inesqueciveis-ideias-para-uma-celebracao-epica\/"},"wordCount":13,"publisher":{"@id":"https:\/\/casamentosenoivados.com\/#organization"},"keywords":["Casamento","Despedida","Solteiro"],"articleSection":["Casamentos &amp; Noivados"],"inLanguage":"en-GB"},{"@type":"WebPage","@id":"https:\/\/casamentosenoivados.com\/cinco-despedidas-de-solteira-o-inesqueciveis-ideias-para-uma-celebracao-epica\/","url":"https:\/\/casamentosenoivados.com\/cinco-despedidas-de-solteira-o-inesqueciveis-ideias-para-uma-celebracao-epica\/","name":"CINCO DESPEDIDAS DE SOLTEIRA\/O INESQUEC\u00cdVEIS: IDEIAS PARA UMA CELEBRA\u00c7\u00c3O \u00c9PICA","isPartOf":{"@id":"https:\/\/casamentosenoivados.com\/#website"},"datePublished":"2023-08-03T13:40:28+00:00","dateModified":"2023-09-18T13:33:51+00:00","description":"Confira algumas inspira\u00e7\u00f5es para festejar antes do casamento de forma memor\u00e1vel e que a despedida da vida de solteiro seja em grande","breadcrumb":{"@id":"https:\/\/casamentosenoivados.com\/cinco-despedidas-de-solteira-o-inesqueciveis-ideias-para-uma-celebracao-epica\/#breadcrumb"},"inLanguage":"en-GB","potentialAction":[{"@type":"ReadAction","target":["https:\/\/casamentosenoivados.com\/cinco-despedidas-de-solteira-o-inesqueciveis-ideias-para-uma-celebracao-epica\/"]}]},{"@type":"BreadcrumbList","@id":"https:\/\/casamentosenoivados.com\/cinco-despedidas-de-solteira-o-inesqueciveis-ideias-para-uma-celebracao-epica\/#breadcrumb","itemListElement":[{"@type":"ListItem","position":1,"name":"In\u00edcio","item":"https:\/\/casamentosenoivados.com\/"},{"@type":"ListItem","position":2,"name":"CINCO DESPEDIDAS DE SOLTEIRA\/O INESQUEC\u00cdVEIS: IDEIAS PARA UMA CELEBRA\u00c7\u00c3O \u00c9PICA"}]},{"@type":"WebSite","@id":"https:\/\/casamentosenoivados.com\/#website","url":"https:\/\/casamentosenoivados.com\/","name":"Euroregi\u00e3o","description":"","publisher":{"@id":"https:\/\/casamentosenoivados.com\/#organization"},"potentialAction":[{"@type":"SearchAction","target":{"@type":"EntryPoint","urlTemplate":"https:\/\/casamentosenoivados.com\/?s={search_term_string}"},"query-input":"required name=search_term_string"}],"inLanguage":"en-GB"},{"@type":"Organization","@id":"https:\/\/casamentosenoivados.com\/#organization","name":"EuroRegi\u00e3o","url":"https:\/\/casamentosenoivados.com\/","logo":{"@type":"ImageObject","inLanguage":"en-GB","@id":"https:\/\/casamentosenoivados.com\/#\/schema\/logo\/image\/","url":"https:\/\/casamentosenoivados.com\/wp-content\/uploads\/2021\/09\/EUROREGIAO_FAVICON-96X96-BG.png","contentUrl":"https:\/\/casamentosenoivados.com\/wp-content\/uploads\/2021\/09\/EUROREGIAO_FAVICON-96X96-BG.png","width":96,"height":96,"caption":"EuroRegi\u00e3o"},"image":{"@id":"https:\/\/casamentosenoivados.com\/#\/schema\/logo\/image\/"},"sameAs":["https:\/\/www.facebook.com\/euroregiao","https:\/\/twitter.com\/EuroRegiao"]},{"@type":"Person","@id":"https:\/\/casamentosenoivados.com\/#\/schema\/person\/f02e00d5f4297bd41347cc6bdcadff01","name":"redacao","image":{"@type":"ImageObject","inLanguage":"en-GB","@id":"https:\/\/casamentosenoivados.com\/#\/schema\/person\/image\/","url":"https:\/\/secure.gravatar.com\/avatar\/227a6f428716cac9fa89e480733d1b01?s=96&d=wavatar&r=g","contentUrl":"https:\/\/secure.gravatar.com\/avatar\/227a6f428716cac9fa89e480733d1b01?s=96&d=wavatar&r=g","caption":"redacao"},"url":"https:\/\/casamentosenoivados.com\/en\/author\/redacao\/"}]}},"_links":{"self":[{"href":"https:\/\/casamentosenoivados.com\/en\/wp-json\/wp\/v2\/posts\/18830"}],"collection":[{"href":"https:\/\/casamentosenoivados.com\/en\/wp-json\/wp\/v2\/posts"}],"about":[{"href":"https:\/\/casamentosenoivados.com\/en\/wp-json\/wp\/v2\/types\/post"}],"author":[{"embeddable":true,"href":"https:\/\/casamentosenoivados.com\/en\/wp-json\/wp\/v2\/users\/3435"}],"replies":[{"embeddable":true,"href":"https:\/\/casamentosenoivados.com\/en\/wp-json\/wp\/v2\/comments?post=18830"}],"version-history":[{"count":1,"href":"https:\/\/casamentosenoivados.com\/en\/wp-json\/wp\/v2\/posts\/18830\/revisions"}],"predecessor-version":[{"id":18832,"href":"https:\/\/casamentosenoivados.com\/en\/wp-json\/wp\/v2\/posts\/18830\/revisions\/18832"}],"wp:attachment":[{"href":"https:\/\/casamentosenoivados.com\/en\/wp-json\/wp\/v2\/media?parent=18830"}],"wp:term":[{"taxonomy":"category","embeddable":true,"href":"https:\/\/casamentosenoivados.com\/en\/wp-json\/wp\/v2\/categories?post=18830"},{"taxonomy":"post_tag","embeddable":true,"href":"https:\/\/casamentosenoivados.com\/en\/wp-json\/wp\/v2\/tags?post=18830"}],"curies":[{"name":"wp","href":"https:\/\/api.w.org\/{rel}","templated":true}]}}